{"id":4281,"date":"2021-09-11T15:30:26","date_gmt":"2021-09-11T13:30:26","guid":{"rendered":"https:\/\/bernies-journeys.at\/?p=4281"},"modified":"2024-12-18T20:53:59","modified_gmt":"2024-12-18T19:53:59","slug":"fuerstlicher-ferienbeginn","status":"publish","type":"post","link":"https:\/\/bernies-journeys.at\/en\/2021\/09\/11\/fuerstlicher-ferienbeginn\/","title":{"rendered":"A Day in a Princedom"},"content":{"rendered":"<p>I started my trip through Austria with a day in&nbsp;&#8211; Liechtenstein! This might seem illogical, but why not visit this small country when I am close by: I arrived this morning by train in Feldkirch, just across the border from Liechtenstein. So, I spent a day exploring some of its town&nbsp;&#8211; and in the end, also Feldkirch in Austria.<!--more--><\/p>\n<div id='gallery-1' class='gallery galleryid-4281  gallery-size-thumbnail'><figure class='gallery-item'>\n\t\t\t<div class='gallery-icon portrait'>\n\t\t\t\t<a class=\"lightbox-link\" href='https:\/\/bernies-journeys.at\/en\/2021\/09\/11\/fuerstlicher-ferienbeginn\/20210911_085804\/'><img loading=\"lazy\" decoding=\"async\" width=\"150\" height=\"150\" src=\"https:\/\/bernies-journeys.at\/wp-content\/uploads\/2021\/09\/20210911_085804-150x150.jpg\" class=\"attachment-thumbnail size-thumbnail\" alt=\"[Picture]\" title=\"Schaan\" \/><\/a>\n\t\t\t<\/div><\/figure><figure class='gallery-item'>\n\t\t\t<div class='gallery-icon landscape'>\n\t\t\t\t<a class=\"lightbox-link\" href='https:\/\/bernies-journeys.at\/en\/2021\/09\/11\/fuerstlicher-ferienbeginn\/20210911_094759\/'><img loading=\"lazy\" decoding=\"async\" width=\"150\" height=\"150\" src=\"https:\/\/bernies-journeys.at\/wp-content\/uploads\/2021\/09\/20210911_094759-150x150.jpg\" class=\"attachment-thumbnail size-thumbnail\" alt=\"[Picture]\" title=\"St\u00e4dle, Vaduz\" \/><\/a>\n\t\t\t<\/div><\/figure><figure class='gallery-item'>\n\t\t\t<div class='gallery-icon landscape'>\n\t\t\t\t<a class=\"lightbox-link\" href='https:\/\/bernies-journeys.at\/en\/2021\/09\/11\/fuerstlicher-ferienbeginn\/20210911_101201\/'><img loading=\"lazy\" decoding=\"async\" width=\"150\" height=\"150\" src=\"https:\/\/bernies-journeys.at\/wp-content\/uploads\/2021\/09\/20210911_101201-150x150.jpg\" class=\"attachment-thumbnail size-thumbnail\" alt=\"[Picture]\" title=\"Vaduz\" \/><\/a>\n\t\t\t<\/div><\/figure><figure class='gallery-item'>\n\t\t\t<div class='gallery-icon landscape'>\n\t\t\t\t<a class=\"lightbox-link\" href='https:\/\/bernies-journeys.at\/en\/2021\/09\/11\/fuerstlicher-ferienbeginn\/20210911_101855\/'><img loading=\"lazy\" decoding=\"async\" width=\"150\" height=\"150\" src=\"https:\/\/bernies-journeys.at\/wp-content\/uploads\/2021\/09\/20210911_101855-150x150.jpg\" class=\"attachment-thumbnail size-thumbnail\" alt=\"[Picture]\" title=\"Vaduz Castle\" \/><\/a>\n\t\t\t<\/div><\/figure><figure class='gallery-item'>\n\t\t\t<div class='gallery-icon landscape'>\n\t\t\t\t<a class=\"lightbox-link\" href='https:\/\/bernies-journeys.at\/en\/2021\/09\/11\/fuerstlicher-ferienbeginn\/20210911_111139\/'><img loading=\"lazy\" decoding=\"async\" width=\"150\" height=\"150\" src=\"https:\/\/bernies-journeys.at\/wp-content\/uploads\/2021\/09\/20210911_111139-150x150.jpg\" class=\"attachment-thumbnail size-thumbnail\" alt=\"[Picture]\" title=\"Old Rhine bridge\" \/><\/a>\n\t\t\t<\/div><\/figure><figure class='gallery-item'>\n\t\t\t<div class='gallery-icon landscape'>\n\t\t\t\t<a class=\"lightbox-link\" href='https:\/\/bernies-journeys.at\/en\/2021\/09\/11\/fuerstlicher-ferienbeginn\/20210911_122010\/'><img loading=\"lazy\" decoding=\"async\" width=\"150\" height=\"150\" src=\"https:\/\/bernies-journeys.at\/wp-content\/uploads\/2021\/09\/20210911_122010-150x150.jpg\" class=\"attachment-thumbnail size-thumbnail\" alt=\"[Picture]\" title=\"Almabtrieb\" \/><\/a>\n\t\t\t<\/div><\/figure><figure class='gallery-item'>\n\t\t\t<div class='gallery-icon landscape'>\n\t\t\t\t<a class=\"lightbox-link\" href='https:\/\/bernies-journeys.at\/en\/2021\/09\/11\/fuerstlicher-ferienbeginn\/20210911_124032\/'><img loading=\"lazy\" decoding=\"async\" width=\"150\" height=\"150\" src=\"https:\/\/bernies-journeys.at\/wp-content\/uploads\/2021\/09\/20210911_124032-150x150.jpg\" class=\"attachment-thumbnail size-thumbnail\" alt=\"[Picture]\" title=\"Malbun\" \/><\/a>\n\t\t\t<\/div><\/figure><figure class='gallery-item'>\n\t\t\t<div class='gallery-icon landscape'>\n\t\t\t\t<a class=\"lightbox-link\" href='https:\/\/bernies-journeys.at\/en\/2021\/09\/11\/fuerstlicher-ferienbeginn\/20210911_125737\/'><img loading=\"lazy\" decoding=\"async\" width=\"150\" height=\"150\" src=\"https:\/\/bernies-journeys.at\/wp-content\/uploads\/2021\/09\/20210911_125737-150x150.jpg\" class=\"attachment-thumbnail size-thumbnail\" alt=\"[Picture]\" title=\"Malbun\" \/><\/a>\n\t\t\t<\/div><\/figure><figure class='gallery-item'>\n\t\t\t<div class='gallery-icon landscape'>\n\t\t\t\t<a class=\"lightbox-link\" href='https:\/\/bernies-journeys.at\/en\/2021\/09\/11\/fuerstlicher-ferienbeginn\/20210911_150036\/'><img loading=\"lazy\" decoding=\"async\" width=\"150\" height=\"150\" src=\"https:\/\/bernies-journeys.at\/wp-content\/uploads\/2021\/09\/20210911_150036-150x150.jpg\" class=\"attachment-thumbnail size-thumbnail\" alt=\"[Picture]\" title=\"Gutenberg Castle\" \/><\/a>\n\t\t\t<\/div><\/figure><figure class='gallery-item'>\n\t\t\t<div class='gallery-icon landscape'>\n\t\t\t\t<a class=\"lightbox-link\" href='https:\/\/bernies-journeys.at\/en\/2021\/09\/11\/fuerstlicher-ferienbeginn\/20210911_150851\/'><img loading=\"lazy\" decoding=\"async\" width=\"150\" height=\"150\" src=\"https:\/\/bernies-journeys.at\/wp-content\/uploads\/2021\/09\/20210911_150851-150x150.jpg\" class=\"attachment-thumbnail size-thumbnail\" alt=\"[Picture]\" title=\"Balzers\" \/><\/a>\n\t\t\t<\/div><\/figure><figure class='gallery-item'>\n\t\t\t<div class='gallery-icon landscape'>\n\t\t\t\t<a class=\"lightbox-link\" href='https:\/\/bernies-journeys.at\/en\/2021\/09\/11\/fuerstlicher-ferienbeginn\/20210911_162412\/'><img loading=\"lazy\" decoding=\"async\" width=\"150\" height=\"150\" src=\"https:\/\/bernies-journeys.at\/wp-content\/uploads\/2021\/09\/20210911_162412-150x150.jpg\" class=\"attachment-thumbnail size-thumbnail\" alt=\"[Picture]\" title=\"Feldkirch\" \/><\/a>\n\t\t\t<\/div><\/figure><figure class='gallery-item'>\n\t\t\t<div class='gallery-icon landscape'>\n\t\t\t\t<a class=\"lightbox-link\" href='https:\/\/bernies-journeys.at\/en\/2021\/09\/11\/fuerstlicher-ferienbeginn\/20210911_141205\/'><img loading=\"lazy\" decoding=\"async\" width=\"150\" height=\"150\" src=\"https:\/\/bernies-journeys.at\/wp-content\/uploads\/2021\/09\/20210911_141205-150x150.jpg\" class=\"attachment-thumbnail size-thumbnail\" alt=\"[Picture]\" title=\"Gutenberg Castle\" \/><\/a>\n\t\t\t<\/div><\/figure>\n\t\t<\/div>\n\n<p>  <div class=\"notice\">\nThis blog entry is an abridged version of the original entry in <a href=\"https:\/\/bernies-journeys.at\/de\/wp-json\/wp\/v2\/posts\/4281\">German<\/a>.  <\/div>\n<\/p>\n<hr class=\"footnote-separator\" \/>\n<div class=\"footnote\">\n<p>\n<a name=\"footnt1\">(*)<\/a>&nbsp;Wenn schon <em>Suppen<\/em> rund zehn Franken kosten, wei\u00df man, man ist nicht mehr in \u00d6sterreich.<\/p>\n<p>\n<a name=\"footnt2\">(**)<\/a>&nbsp;Wo ich \u00fcbrigens zum einzigen Mal heute f\u00fcrs Parken zahlen musste&nbsp;&#8211; es ist also nicht <em>alles<\/em> teurer in Liechtenstein.<\/p>\n<\/div>\n","protected":false},"excerpt":{"rendered":"<p>Sorry, this entry is only available in Deutsch. (*)&nbsp;Wenn schon Suppen rund zehn Franken kosten, wei\u00df man, man ist nicht mehr in \u00d6sterreich. (**)&nbsp;Wo ich \u00fcbrigens zum einzigen Mal heute f\u00fcrs Parken zahlen musste&nbsp;&#8211; es ist also nicht alles teurer in Liechtenstein.<\/p>\n","protected":false},"author":1,"featured_media":4294,"comment_status":"open","ping_status":"open","sticky":false,"template":"","format":"standard","meta":{"footnotes":""},"categories":[5],"tags":[138,208,139,60,209],"class_list":["post-4281","post","type-post","status-publish","format-standard","has-post-thumbnail","hentry","category-travel-diary","tag-alps","tag-castles-palaces","tag-europe","tag-city-sights","tag-microstate","trips-austria2021","country-li"],"_links":{"self":[{"href":"https:\/\/bernies-journeys.at\/en\/wp-json\/wp\/v2\/posts\/4281","targetHints":{"allow":["GET"]}}],"collection":[{"href":"https:\/\/bernies-journeys.at\/en\/wp-json\/wp\/v2\/posts"}],"about":[{"href":"https:\/\/bernies-journeys.at\/en\/wp-json\/wp\/v2\/types\/post"}],"author":[{"embeddable":true,"href":"https:\/\/bernies-journeys.at\/en\/wp-json\/wp\/v2\/users\/1"}],"replies":[{"embeddable":true,"href":"https:\/\/bernies-journeys.at\/en\/wp-json\/wp\/v2\/comments?post=4281"}],"version-history":[{"count":0,"href":"https:\/\/bernies-journeys.at\/en\/wp-json\/wp\/v2\/posts\/4281\/revisions"}],"wp:featuredmedia":[{"embeddable":true,"href":"https:\/\/bernies-journeys.at\/en\/wp-json\/wp\/v2\/media\/4294"}],"wp:attachment":[{"href":"https:\/\/bernies-journeys.at\/en\/wp-json\/wp\/v2\/media?parent=4281"}],"wp:term":[{"taxonomy":"category","embeddable":true,"href":"https:\/\/bernies-journeys.at\/en\/wp-json\/wp\/v2\/categories?post=4281"},{"taxonomy":"post_tag","embeddable":true,"href":"https:\/\/bernies-journeys.at\/en\/wp-json\/wp\/v2\/tags?post=4281"}],"curies":[{"name":"wp","href":"https:\/\/api.w.org\/{rel}","templated":true}]}}